{"id":9557,"date":"2026-04-19T12:08:26","date_gmt":"2026-04-19T10:08:26","guid":{"rendered":"https:\/\/www.gsv-heidelberg.de\/?p=9557"},"modified":"2026-04-19T12:08:26","modified_gmt":"2026-04-19T10:08:26","slug":"willy-goetten-posthum-zum-ehrenvorsitzenden-ernannt","status":"publish","type":"post","link":"https:\/\/www.gsv-heidelberg.de\/?p=9557","title":{"rendered":"Willy G\u00f6tten posthum zum Ehrenvorsitzenden ernannt"},"content":{"rendered":"<div class=\"wp-block-image\">\n<figure class=\"aligncenter size-large\"><img loading=\"lazy\" decoding=\"async\" width=\"723\" height=\"1024\" src=\"https:\/\/www.gsv-heidelberg.de\/wp-content\/uploads\/2025\/09\/5c25b31e-2ab5-4103-8a03-36165f9e9f33-723x1024.jpg\" alt=\"\" class=\"wp-image-9559\" srcset=\"https:\/\/www.gsv-heidelberg.de\/wp-content\/uploads\/2025\/09\/5c25b31e-2ab5-4103-8a03-36165f9e9f33-723x1024.jpg 723w, https:\/\/www.gsv-heidelberg.de\/wp-content\/uploads\/2025\/09\/5c25b31e-2ab5-4103-8a03-36165f9e9f33-353x500.jpg 353w, https:\/\/www.gsv-heidelberg.de\/wp-content\/uploads\/2025\/09\/5c25b31e-2ab5-4103-8a03-36165f9e9f33-768x1088.jpg 768w, https:\/\/www.gsv-heidelberg.de\/wp-content\/uploads\/2025\/09\/5c25b31e-2ab5-4103-8a03-36165f9e9f33-1084x1536.jpg 1084w, https:\/\/www.gsv-heidelberg.de\/wp-content\/uploads\/2025\/09\/5c25b31e-2ab5-4103-8a03-36165f9e9f33-847x1200.jpg 847w, https:\/\/www.gsv-heidelberg.de\/wp-content\/uploads\/2025\/09\/5c25b31e-2ab5-4103-8a03-36165f9e9f33.jpg 1445w\" sizes=\"auto, (max-width: 723px) 100vw, 723px\" \/><figcaption class=\"wp-element-caption\">Willy G\u00f6tten<\/figcaption><\/figure>\n<\/div>\n\n\n<p class=\"wp-block-paragraph\">Der GSV Heidelberg ehrt mit gro\u00dfer Dankbarkeit eine herausragende Pers\u00f6nlichkeit unserer Vereinsgeschichte:<br><strong>Willy G\u00f6tten<\/strong>, erstes Gr\u00fcndungsmitglied und jahrzehntelanger Vereinsvorstand, wurde <strong>posthum zum Ehrenvorsitzenden<\/strong> ernannt.<\/p>\n\n\n\n<p class=\"wp-block-paragraph\">Willy G\u00f6tten hat den GSV Heidelberg nicht nur mitbegr\u00fcndet, sondern ihn \u00fcber mehr als 20 Jahre entscheidend mitgestaltet \u2013 die meiste Zeit davon als 1. oder 2. Vorstand. Sein Engagement, seine Weitsicht und seine tiefe Verbundenheit mit dem Verein haben bleibende Spuren hinterlassen. Er lebte das Ehrenamt mit Herz und \u00dcberzeugung \u2013 verl\u00e4sslich, bescheiden und voller Hingabe.<\/p>\n\n\n\n<p class=\"wp-block-paragraph\">Mit dieser besonderen Auszeichnung wird Willy G\u00f6tten in den Kreis der Ehrenvorsitzenden aufgenommen \u2013 <strong>neben Emil Effenberger<\/strong>, der dieses Amt bereits seit Jahren verdient innehat.<\/p>\n\n\n\n<p class=\"wp-block-paragraph\">Willy G\u00f6ttens Lebenswerk wird in unserem Verein weiterleben \u2013 als Fundament, als Vorbild und als Inspiration f\u00fcr kommende Generationen.<\/p>\n\n\n\n<p class=\"wp-block-paragraph\"><strong>Der GSV Heidelberg verneigt sich in tiefer Dankbarkeit.<\/strong><\/p>\n","protected":false},"excerpt":{"rendered":"<p>Der GSV Heidelberg ehrt mit gro\u00dfer Dankbarkeit eine herausragende Pers\u00f6nlichkeit unserer Vereinsgeschichte:Willy G\u00f6tten, erstes Gr\u00fcndungsmitglied und jahrzehntelanger Vereinsvorstand, wurde posthum zum Ehrenvorsitzenden ernannt. Willy G\u00f6tten hat den GSV Heidelberg nicht nur mitbegr\u00fcndet, sondern ihn \u00fcber mehr als 20 Jahre entscheidend mitgestaltet \u2013 die meiste Zeit davon als 1. oder 2. Vorstand. Sein Engagement, seine Weitsicht &hellip; <\/p>\n<p><a class=\"more-link btn\" href=\"https:\/\/www.gsv-heidelberg.de\/?p=9557\">Weiterlesen<\/a><\/p>\n","protected":false},"author":1,"featured_media":0,"comment_status":"open","ping_status":"open","sticky":false,"template":"","format":"standard","meta":{"footnotes":""},"categories":[1],"tags":[],"class_list":["post-9557","post","type-post","status-publish","format-standard","hentry","category-allgemein","item-wrap"],"_links":{"self":[{"href":"https:\/\/www.gsv-heidelberg.de\/index.php?rest_route=\/wp\/v2\/posts\/9557","targetHints":{"allow":["GET"]}}],"collection":[{"href":"https:\/\/www.gsv-heidelberg.de\/index.php?rest_route=\/wp\/v2\/posts"}],"about":[{"href":"https:\/\/www.gsv-heidelberg.de\/index.php?rest_route=\/wp\/v2\/types\/post"}],"author":[{"embeddable":true,"href":"https:\/\/www.gsv-heidelberg.de\/index.php?rest_route=\/wp\/v2\/users\/1"}],"replies":[{"embeddable":true,"href":"https:\/\/www.gsv-heidelberg.de\/index.php?rest_route=%2Fwp%2Fv2%2Fcomments&post=9557"}],"version-history":[{"count":1,"href":"https:\/\/www.gsv-heidelberg.de\/index.php?rest_route=\/wp\/v2\/posts\/9557\/revisions"}],"predecessor-version":[{"id":9560,"href":"https:\/\/www.gsv-heidelberg.de\/index.php?rest_route=\/wp\/v2\/posts\/9557\/revisions\/9560"}],"wp:attachment":[{"href":"https:\/\/www.gsv-heidelberg.de\/index.php?rest_route=%2Fwp%2Fv2%2Fmedia&parent=9557"}],"wp:term":[{"taxonomy":"category","embeddable":true,"href":"https:\/\/www.gsv-heidelberg.de\/index.php?rest_route=%2Fwp%2Fv2%2Fcategories&post=9557"},{"taxonomy":"post_tag","embeddable":true,"href":"https:\/\/www.gsv-heidelberg.de\/index.php?rest_route=%2Fwp%2Fv2%2Ftags&post=9557"}],"curies":[{"name":"wp","href":"https:\/\/api.w.org\/{rel}","templated":true}]}}