{"id":9644,"date":"2025-11-10T18:43:30","date_gmt":"2025-11-10T16:43:30","guid":{"rendered":"https:\/\/www.gsv-heidelberg.de\/?p=9644"},"modified":"2025-11-10T18:45:27","modified_gmt":"2025-11-10T16:45:27","slug":"zwei-wettkaempfe-in-pirmasens-und-lampertheim","status":"publish","type":"post","link":"https:\/\/www.gsv-heidelberg.de\/?p=9644","title":{"rendered":"Zwei Wettk\u00e4mpfe in Pirmasens und Lampertheim"},"content":{"rendered":"\n<h3 class=\"wp-block-heading\">Am vergangenen Wochenende waren unsere Schwimmer*innen gleich an zwei Orten aktiv: W\u00e4hrend\u00a0<strong>Oleksandr<\/strong>\u00a0und\u00a0<strong>Lilia<\/strong>\u00a0bei den\u00a0<strong>S\u00fcdwest-Kurzbahnmeisterschaften in Pirmasens<\/strong>\u00a0starteten, traten\u00a0<strong>Eva<\/strong>\u00a0und\u00a0<strong>Tymur<\/strong>\u00a0bei den\u00a0<strong>Kreismeisterschaften in Lampertheim<\/strong>\u00a0an.<\/h3>\n\n\n\n<h4 class=\"wp-block-heading\"><strong>Pirmasens<\/strong><\/h4>\n\n\n\n<p>Am Samstag absolvierte der noch 17-j\u00e4hrige&nbsp;<strong>Oleksandr<\/strong>&nbsp;ein anspruchsvolles Programm \u00fcber&nbsp;<strong>200 m, 400 m und 1500 m Freistil<\/strong>&nbsp;sowie&nbsp;<strong>100 m Lagen<\/strong>. Obwohl er sich nicht ganz so fit f\u00fchlte wie zuletzt in Pozna\u0144, konnte er \u00fcber&nbsp;<strong>100 m Lagen<\/strong>und&nbsp;<strong>1500 m Freistil<\/strong>&nbsp;neue Bestzeiten aufstellen. Mit drei Goldmedaillen \u00fcber die Freistilstrecken wurde er&nbsp;<strong>dreifacher S\u00fcdwest-Altersklassenmeister<\/strong>&nbsp;\u2013 herzlichen Gl\u00fcckwunsch!<\/p>\n\n\n\n<figure class=\"wp-block-image size-large is-resized\"><img loading=\"lazy\" decoding=\"async\" width=\"768\" height=\"1024\" src=\"https:\/\/www.gsv-heidelberg.de\/wp-content\/uploads\/2025\/11\/26124ac7-ca22-432f-adfa-c3ddc9dcfad2-768x1024.jpeg\" alt=\"\" class=\"wp-image-9645\" style=\"width:333px;height:auto\" srcset=\"https:\/\/www.gsv-heidelberg.de\/wp-content\/uploads\/2025\/11\/26124ac7-ca22-432f-adfa-c3ddc9dcfad2-768x1024.jpeg 768w, https:\/\/www.gsv-heidelberg.de\/wp-content\/uploads\/2025\/11\/26124ac7-ca22-432f-adfa-c3ddc9dcfad2-375x500.jpeg 375w, https:\/\/www.gsv-heidelberg.de\/wp-content\/uploads\/2025\/11\/26124ac7-ca22-432f-adfa-c3ddc9dcfad2-1152x1536.jpeg 1152w, https:\/\/www.gsv-heidelberg.de\/wp-content\/uploads\/2025\/11\/26124ac7-ca22-432f-adfa-c3ddc9dcfad2-847x1129.jpeg 847w, https:\/\/www.gsv-heidelberg.de\/wp-content\/uploads\/2025\/11\/26124ac7-ca22-432f-adfa-c3ddc9dcfad2.jpeg 1200w\" sizes=\"auto, (max-width: 768px) 100vw, 768px\" \/><\/figure>\n\n\n\n<p><br>Am Sonntag feierte Oleksandr gemeinsam mit seiner Familie seinen&nbsp;<strong>18. Geburtstag<\/strong>&nbsp;und verzichtete daher auf weitere Starts.<\/p>\n\n\n\n<p>F\u00fcr\u00a0<strong>Lilia<\/strong>\u00a0war es der erste Start bei den S\u00fcdwest-Kurzbahnmeisterschaften \u2013 erm\u00f6glicht durch ihre starke Qualifikationszeit aus Pozna\u0144. Mit gro\u00dfem Ehrgeiz wollte sie ihre Leistungen weiter verbessern \u2013 und das gelang ihr eindrucksvoll: Sie\u00a0<strong>unterbot ihren erst zwei Wochen alten Altersklassenrekord um 0,7 Sekunden<\/strong>\u00a0und gewann zudem ihre\u00a0<strong>erste Bronzemedaille<\/strong>! <\/p>\n\n\n\n<figure class=\"wp-block-image size-large is-resized\"><img loading=\"lazy\" decoding=\"async\" width=\"768\" height=\"1024\" src=\"https:\/\/www.gsv-heidelberg.de\/wp-content\/uploads\/2025\/11\/IMG_5082-768x1024.jpeg\" alt=\"\" class=\"wp-image-9647\" style=\"width:315px;height:auto\" srcset=\"https:\/\/www.gsv-heidelberg.de\/wp-content\/uploads\/2025\/11\/IMG_5082-768x1024.jpeg 768w, https:\/\/www.gsv-heidelberg.de\/wp-content\/uploads\/2025\/11\/IMG_5082-375x500.jpeg 375w, https:\/\/www.gsv-heidelberg.de\/wp-content\/uploads\/2025\/11\/IMG_5082-1152x1536.jpeg 1152w, https:\/\/www.gsv-heidelberg.de\/wp-content\/uploads\/2025\/11\/IMG_5082-1536x2048.jpeg 1536w, https:\/\/www.gsv-heidelberg.de\/wp-content\/uploads\/2025\/11\/IMG_5082-847x1129.jpeg 847w, https:\/\/www.gsv-heidelberg.de\/wp-content\/uploads\/2025\/11\/IMG_5082-scaled.jpeg 1920w\" sizes=\"auto, (max-width: 768px) 100vw, 768px\" \/><\/figure>\n\n\n\n<p>Ganz zufrieden war sie dennoch nicht, da der Start etwas zu sp\u00e4t kam und die Wenden nicht optimal liefen. <br>Trotzdem: Ein gro\u00dfartiger Einstand auf S\u00fcdwest-Ebene!<\/p>\n\n\n\n<h4 class=\"wp-block-heading\"><strong>Lampertheim<\/strong><\/h4>\n\n\n\n<p>Bei den&nbsp;<strong>Kreismeisterschaften in Lampertheim<\/strong>&nbsp;\u00fcberzeugte&nbsp;<strong>Tymur<\/strong>&nbsp;mit&nbsp;<strong>zwei Gold-<\/strong>&nbsp;und&nbsp;<strong>einer Silbermedaille<\/strong>. Besonders stark war seine Verbesserung \u00fcber&nbsp;<strong>200 m Freistil<\/strong>, wo er seine Bestzeit gleich um&nbsp;<strong>zehn Sekunden<\/strong>&nbsp;steigern konnte. Auch \u00fcber&nbsp;<strong>100 m Freistil<\/strong>&nbsp;gelang ihm eine neue pers\u00f6nliche Bestzeit. Lediglich \u00fcber&nbsp;<strong>100 m R\u00fccken<\/strong>&nbsp;verpasste er eine neue Marke. Tymur zeigte sich sehr zufrieden, will aber weiter an seiner Schnelligkeit arbeiten.<\/p>\n\n\n\n<figure class=\"wp-block-image size-large is-resized\"><img loading=\"lazy\" decoding=\"async\" width=\"768\" height=\"1024\" src=\"https:\/\/www.gsv-heidelberg.de\/wp-content\/uploads\/2025\/11\/e1048ac1-f566-4e6d-8eca-d913392866e3-768x1024.jpeg\" alt=\"\" class=\"wp-image-9648\" style=\"width:330px;height:auto\" srcset=\"https:\/\/www.gsv-heidelberg.de\/wp-content\/uploads\/2025\/11\/e1048ac1-f566-4e6d-8eca-d913392866e3-768x1024.jpeg 768w, https:\/\/www.gsv-heidelberg.de\/wp-content\/uploads\/2025\/11\/e1048ac1-f566-4e6d-8eca-d913392866e3-375x500.jpeg 375w, https:\/\/www.gsv-heidelberg.de\/wp-content\/uploads\/2025\/11\/e1048ac1-f566-4e6d-8eca-d913392866e3-1152x1536.jpeg 1152w, https:\/\/www.gsv-heidelberg.de\/wp-content\/uploads\/2025\/11\/e1048ac1-f566-4e6d-8eca-d913392866e3-847x1129.jpeg 847w, https:\/\/www.gsv-heidelberg.de\/wp-content\/uploads\/2025\/11\/e1048ac1-f566-4e6d-8eca-d913392866e3.jpeg 1200w\" sizes=\"auto, (max-width: 768px) 100vw, 768px\" \/><\/figure>\n\n\n\n<p>Auch&nbsp;<strong>Eva<\/strong>&nbsp;konnte mit ihren Leistungen voll \u00fcberzeugen. Sie stellte \u00fcber&nbsp;<strong>100 m Freistil<\/strong>&nbsp;eine neue Bestzeit auf und schwamm \u00fcber&nbsp;<strong>200 m Freistil<\/strong>&nbsp;ebenfalls ein starkes Rennen mit pers\u00f6nlicher Bestleistung. Nur \u00fcber&nbsp;<strong>100 m R\u00fccken<\/strong>&nbsp;lief es diesmal nicht ganz wie gew\u00fcnscht. Am Ende durfte sie sich \u00fcber&nbsp;<strong>drei Silbermedaillen<\/strong>&nbsp;freuen \u2013 ein tolles Ergebnis!<\/p>\n\n\n\n<figure class=\"wp-block-image size-large is-resized\"><img loading=\"lazy\" decoding=\"async\" width=\"768\" height=\"1024\" src=\"https:\/\/www.gsv-heidelberg.de\/wp-content\/uploads\/2025\/11\/8967cc20-01e8-4e00-9d39-079369055cb0-768x1024.jpeg\" alt=\"\" class=\"wp-image-9649\" style=\"width:332px;height:auto\" srcset=\"https:\/\/www.gsv-heidelberg.de\/wp-content\/uploads\/2025\/11\/8967cc20-01e8-4e00-9d39-079369055cb0-768x1024.jpeg 768w, https:\/\/www.gsv-heidelberg.de\/wp-content\/uploads\/2025\/11\/8967cc20-01e8-4e00-9d39-079369055cb0-375x500.jpeg 375w, https:\/\/www.gsv-heidelberg.de\/wp-content\/uploads\/2025\/11\/8967cc20-01e8-4e00-9d39-079369055cb0-1152x1536.jpeg 1152w, https:\/\/www.gsv-heidelberg.de\/wp-content\/uploads\/2025\/11\/8967cc20-01e8-4e00-9d39-079369055cb0-847x1129.jpeg 847w, https:\/\/www.gsv-heidelberg.de\/wp-content\/uploads\/2025\/11\/8967cc20-01e8-4e00-9d39-079369055cb0.jpeg 1200w\" sizes=\"auto, (max-width: 768px) 100vw, 768px\" \/><\/figure>\n","protected":false},"excerpt":{"rendered":"<p>Am vergangenen Wochenende waren unsere Schwimmer*innen gleich an zwei Orten aktiv: W\u00e4hrend\u00a0Oleksandr\u00a0und\u00a0Lilia\u00a0bei den\u00a0S\u00fcdwest-Kurzbahnmeisterschaften in Pirmasens\u00a0starteten, traten\u00a0Eva\u00a0und\u00a0Tymur\u00a0bei den\u00a0Kreismeisterschaften in Lampertheim\u00a0an. Pirmasens Am Samstag absolvierte der noch 17-j\u00e4hrige&nbsp;Oleksandr&nbsp;ein anspruchsvolles Programm \u00fcber&nbsp;200 m, 400 m und 1500 m Freistil&nbsp;sowie&nbsp;100 m Lagen. Obwohl er sich nicht ganz so fit f\u00fchlte wie zuletzt in Pozna\u0144, konnte er \u00fcber&nbsp;100 m Lagenund&nbsp;1500 &hellip; <\/p>\n<p><a class=\"more-link btn\" href=\"https:\/\/www.gsv-heidelberg.de\/?p=9644\">Weiterlesen<\/a><\/p>\n","protected":false},"author":9,"featured_media":0,"comment_status":"open","ping_status":"open","sticky":false,"template":"","format":"standard","meta":{"footnotes":""},"categories":[1,5],"tags":[],"class_list":["post-9644","post","type-post","status-publish","format-standard","hentry","category-allgemein","category-schwimmen","item-wrap"],"_links":{"self":[{"href":"https:\/\/www.gsv-heidelberg.de\/index.php?rest_route=\/wp\/v2\/posts\/9644","targetHints":{"allow":["GET"]}}],"collection":[{"href":"https:\/\/www.gsv-heidelberg.de\/index.php?rest_route=\/wp\/v2\/posts"}],"about":[{"href":"https:\/\/www.gsv-heidelberg.de\/index.php?rest_route=\/wp\/v2\/types\/post"}],"author":[{"embeddable":true,"href":"https:\/\/www.gsv-heidelberg.de\/index.php?rest_route=\/wp\/v2\/users\/9"}],"replies":[{"embeddable":true,"href":"https:\/\/www.gsv-heidelberg.de\/index.php?rest_route=%2Fwp%2Fv2%2Fcomments&post=9644"}],"version-history":[{"count":3,"href":"https:\/\/www.gsv-heidelberg.de\/index.php?rest_route=\/wp\/v2\/posts\/9644\/revisions"}],"predecessor-version":[{"id":9849,"href":"https:\/\/www.gsv-heidelberg.de\/index.php?rest_route=\/wp\/v2\/posts\/9644\/revisions\/9849"}],"wp:attachment":[{"href":"https:\/\/www.gsv-heidelberg.de\/index.php?rest_route=%2Fwp%2Fv2%2Fmedia&parent=9644"}],"wp:term":[{"taxonomy":"category","embeddable":true,"href":"https:\/\/www.gsv-heidelberg.de\/index.php?rest_route=%2Fwp%2Fv2%2Fcategories&post=9644"},{"taxonomy":"post_tag","embeddable":true,"href":"https:\/\/www.gsv-heidelberg.de\/index.php?rest_route=%2Fwp%2Fv2%2Ftags&post=9644"}],"curies":[{"name":"wp","href":"https:\/\/api.w.org\/{rel}","templated":true}]}}