{"id":9972,"date":"2026-04-22T11:35:40","date_gmt":"2026-04-22T09:35:40","guid":{"rendered":"https:\/\/www.gsv-heidelberg.de\/?p=9972"},"modified":"2026-04-22T11:57:17","modified_gmt":"2026-04-22T09:57:17","slug":"hauptversammlung-mit-wahl-am-19-04-2026","status":"publish","type":"post","link":"https:\/\/www.gsv-heidelberg.de\/?p=9972","title":{"rendered":"Hauptversammlung mit Wahl am 19.04.2026"},"content":{"rendered":"\n<p>Am 19. April 2026 fand die Hauptversammlung des GSV Heidelberg mit Neuwahlen statt. Der bisherige 1. Vorsitzende <strong>Benjamin Heymel<\/strong> hat nach vier Jahren Vorstandsarbeit und insgesamt 20 Jahren ehrenamtlichem Engagement \u2013 unter anderem als Fu\u00dfballleiter, Fu\u00dfballkassierer, Verantwortlicher f\u00fcr Homepage und Social Media sowie f\u00fcr die digitale Passverwaltung \u2013 seinen R\u00fccktritt erkl\u00e4rt. Auch der bisherige 2. Hauptkassierer <strong>Bastian Rother<\/strong> beendet nach zwei Jahren seine T\u00e4tigkeit im Vorstand.<\/p>\n\n\n\n<p>Unter der Leitung von Wahlleiter <strong>Ralph Piecha<\/strong> verliefen die Neuwahlen \u00fcberraschend positiv. Es konnte ein neues, starkes Vorstandsteam gebildet werden.<\/p>\n\n\n\n<p><strong>Das Ergebnis der Neuwahlen:<\/strong><\/p>\n\n\n\n<ul class=\"wp-block-list\">\n<li>1. Vorsitzender: Damien Herboth<\/li>\n\n\n\n<li>2. Vorsitzender: Hanjo Wege<\/li>\n\n\n\n<li>1. Hauptkassiererin: Melissa Anders<\/li>\n\n\n\n<li>2. Hauptkassierer: Anna Lange<\/li>\n\n\n\n<li>Schriftf\u00fchrer: Nicole Weber<\/li>\n<\/ul>\n\n\n\n<figure class=\"wp-block-image size-large\"><a href=\"https:\/\/www.gsv-heidelberg.de\/wp-content\/uploads\/2026\/04\/WhatsApp-Image-2026-04-22-at-11.14.27-1.jpeg\" target=\"_blank\" rel=\" noreferrer noopener\"><img loading=\"lazy\" decoding=\"async\" width=\"1024\" height=\"1024\" src=\"https:\/\/www.gsv-heidelberg.de\/wp-content\/uploads\/2026\/04\/WhatsApp-Image-2026-04-22-at-11.14.27-1-1024x1024.jpeg\" alt=\"\" class=\"wp-image-9973\" srcset=\"https:\/\/www.gsv-heidelberg.de\/wp-content\/uploads\/2026\/04\/WhatsApp-Image-2026-04-22-at-11.14.27-1-1024x1024.jpeg 1024w, https:\/\/www.gsv-heidelberg.de\/wp-content\/uploads\/2026\/04\/WhatsApp-Image-2026-04-22-at-11.14.27-1-500x500.jpeg 500w, https:\/\/www.gsv-heidelberg.de\/wp-content\/uploads\/2026\/04\/WhatsApp-Image-2026-04-22-at-11.14.27-1-150x150.jpeg 150w, https:\/\/www.gsv-heidelberg.de\/wp-content\/uploads\/2026\/04\/WhatsApp-Image-2026-04-22-at-11.14.27-1-768x768.jpeg 768w, https:\/\/www.gsv-heidelberg.de\/wp-content\/uploads\/2026\/04\/WhatsApp-Image-2026-04-22-at-11.14.27-1-847x847.jpeg 847w, https:\/\/www.gsv-heidelberg.de\/wp-content\/uploads\/2026\/04\/WhatsApp-Image-2026-04-22-at-11.14.27-1.jpeg 1098w\" sizes=\"auto, (max-width: 1024px) 100vw, 1024px\" \/><\/a><figcaption class=\"wp-element-caption\">Anna Lange, Nicole Weber, Hanjo Wege, Damien Herboth, Melissa Anders<\/figcaption><\/figure>\n\n\n\n<figure class=\"wp-block-gallery has-nested-images columns-default is-cropped wp-block-gallery-1 is-layout-flex wp-block-gallery-is-layout-flex\">\n<figure class=\"wp-block-image size-large\"><a href=\"https:\/\/www.gsv-heidelberg.de\/wp-content\/uploads\/2026\/04\/WhatsApp-Image-2026-04-22-at-11.14.25-3.jpeg\" target=\"_blank\"><img loading=\"lazy\" decoding=\"async\" width=\"1024\" height=\"1024\" data-id=\"9999\" src=\"https:\/\/www.gsv-heidelberg.de\/wp-content\/uploads\/2026\/04\/WhatsApp-Image-2026-04-22-at-11.14.25-3-1024x1024.jpeg\" alt=\"\" class=\"wp-image-9999\" srcset=\"https:\/\/www.gsv-heidelberg.de\/wp-content\/uploads\/2026\/04\/WhatsApp-Image-2026-04-22-at-11.14.25-3-1024x1024.jpeg 1024w, https:\/\/www.gsv-heidelberg.de\/wp-content\/uploads\/2026\/04\/WhatsApp-Image-2026-04-22-at-11.14.25-3-500x500.jpeg 500w, https:\/\/www.gsv-heidelberg.de\/wp-content\/uploads\/2026\/04\/WhatsApp-Image-2026-04-22-at-11.14.25-3-150x150.jpeg 150w, https:\/\/www.gsv-heidelberg.de\/wp-content\/uploads\/2026\/04\/WhatsApp-Image-2026-04-22-at-11.14.25-3-768x768.jpeg 768w, https:\/\/www.gsv-heidelberg.de\/wp-content\/uploads\/2026\/04\/WhatsApp-Image-2026-04-22-at-11.14.25-3-847x847.jpeg 847w, https:\/\/www.gsv-heidelberg.de\/wp-content\/uploads\/2026\/04\/WhatsApp-Image-2026-04-22-at-11.14.25-3.jpeg 1200w\" sizes=\"auto, (max-width: 1024px) 100vw, 1024px\" \/><\/a><figcaption class=\"wp-element-caption\">40 Mitglieder anwesend<\/figcaption><\/figure>\n\n\n\n<figure class=\"wp-block-image size-large\"><a href=\"https:\/\/www.gsv-heidelberg.de\/wp-content\/uploads\/2026\/04\/WhatsApp-Image-2026-04-22-at-11.14.27-3.jpeg\" target=\"_blank\"><img loading=\"lazy\" decoding=\"async\" width=\"1014\" height=\"1014\" data-id=\"9994\" src=\"https:\/\/www.gsv-heidelberg.de\/wp-content\/uploads\/2026\/04\/WhatsApp-Image-2026-04-22-at-11.14.27-3.jpeg\" alt=\"\" class=\"wp-image-9994\" srcset=\"https:\/\/www.gsv-heidelberg.de\/wp-content\/uploads\/2026\/04\/WhatsApp-Image-2026-04-22-at-11.14.27-3.jpeg 1014w, https:\/\/www.gsv-heidelberg.de\/wp-content\/uploads\/2026\/04\/WhatsApp-Image-2026-04-22-at-11.14.27-3-500x500.jpeg 500w, https:\/\/www.gsv-heidelberg.de\/wp-content\/uploads\/2026\/04\/WhatsApp-Image-2026-04-22-at-11.14.27-3-150x150.jpeg 150w, https:\/\/www.gsv-heidelberg.de\/wp-content\/uploads\/2026\/04\/WhatsApp-Image-2026-04-22-at-11.14.27-3-768x768.jpeg 768w, https:\/\/www.gsv-heidelberg.de\/wp-content\/uploads\/2026\/04\/WhatsApp-Image-2026-04-22-at-11.14.27-3-847x847.jpeg 847w\" sizes=\"auto, (max-width: 1014px) 100vw, 1014px\" \/><\/a><\/figure>\n\n\n\n<figure class=\"wp-block-image size-large\"><a href=\"https:\/\/www.gsv-heidelberg.de\/wp-content\/uploads\/2026\/04\/WhatsApp-Image-2026-04-22-at-11.14.25-4.jpeg\" target=\"_blank\"><img loading=\"lazy\" decoding=\"async\" width=\"1024\" height=\"1024\" data-id=\"10001\" src=\"https:\/\/www.gsv-heidelberg.de\/wp-content\/uploads\/2026\/04\/WhatsApp-Image-2026-04-22-at-11.14.25-4-1024x1024.jpeg\" alt=\"\" class=\"wp-image-10001\" srcset=\"https:\/\/www.gsv-heidelberg.de\/wp-content\/uploads\/2026\/04\/WhatsApp-Image-2026-04-22-at-11.14.25-4-1024x1024.jpeg 1024w, https:\/\/www.gsv-heidelberg.de\/wp-content\/uploads\/2026\/04\/WhatsApp-Image-2026-04-22-at-11.14.25-4-500x500.jpeg 500w, https:\/\/www.gsv-heidelberg.de\/wp-content\/uploads\/2026\/04\/WhatsApp-Image-2026-04-22-at-11.14.25-4-150x150.jpeg 150w, https:\/\/www.gsv-heidelberg.de\/wp-content\/uploads\/2026\/04\/WhatsApp-Image-2026-04-22-at-11.14.25-4-768x768.jpeg 768w, https:\/\/www.gsv-heidelberg.de\/wp-content\/uploads\/2026\/04\/WhatsApp-Image-2026-04-22-at-11.14.25-4-847x847.jpeg 847w, https:\/\/www.gsv-heidelberg.de\/wp-content\/uploads\/2026\/04\/WhatsApp-Image-2026-04-22-at-11.14.25-4.jpeg 1200w\" sizes=\"auto, (max-width: 1024px) 100vw, 1024px\" \/><\/a><\/figure>\n\n\n\n<figure class=\"wp-block-image size-large\"><a href=\"https:\/\/www.gsv-heidelberg.de\/wp-content\/uploads\/2026\/04\/WhatsApp-Image-2026-04-22-at-11.14.25.jpeg\" target=\"_blank\"><img loading=\"lazy\" decoding=\"async\" width=\"1024\" height=\"1024\" data-id=\"10002\" src=\"https:\/\/www.gsv-heidelberg.de\/wp-content\/uploads\/2026\/04\/WhatsApp-Image-2026-04-22-at-11.14.25-1024x1024.jpeg\" alt=\"\" class=\"wp-image-10002\" srcset=\"https:\/\/www.gsv-heidelberg.de\/wp-content\/uploads\/2026\/04\/WhatsApp-Image-2026-04-22-at-11.14.25-1024x1024.jpeg 1024w, https:\/\/www.gsv-heidelberg.de\/wp-content\/uploads\/2026\/04\/WhatsApp-Image-2026-04-22-at-11.14.25-500x500.jpeg 500w, https:\/\/www.gsv-heidelberg.de\/wp-content\/uploads\/2026\/04\/WhatsApp-Image-2026-04-22-at-11.14.25-150x150.jpeg 150w, https:\/\/www.gsv-heidelberg.de\/wp-content\/uploads\/2026\/04\/WhatsApp-Image-2026-04-22-at-11.14.25-768x768.jpeg 768w, https:\/\/www.gsv-heidelberg.de\/wp-content\/uploads\/2026\/04\/WhatsApp-Image-2026-04-22-at-11.14.25-847x847.jpeg 847w, https:\/\/www.gsv-heidelberg.de\/wp-content\/uploads\/2026\/04\/WhatsApp-Image-2026-04-22-at-11.14.25.jpeg 1536w\" sizes=\"auto, (max-width: 1024px) 100vw, 1024px\" \/><\/a><figcaption class=\"wp-element-caption\">Mittagsb\u00fcffet<\/figcaption><\/figure>\n\n\n\n<figure class=\"wp-block-image size-large\"><a href=\"https:\/\/www.gsv-heidelberg.de\/wp-content\/uploads\/2026\/04\/WhatsApp-Image-2026-04-22-at-11.14.26.jpeg\" target=\"_blank\"><img loading=\"lazy\" decoding=\"async\" width=\"1024\" height=\"1024\" data-id=\"9998\" src=\"https:\/\/www.gsv-heidelberg.de\/wp-content\/uploads\/2026\/04\/WhatsApp-Image-2026-04-22-at-11.14.26-1024x1024.jpeg\" alt=\"\" class=\"wp-image-9998\" srcset=\"https:\/\/www.gsv-heidelberg.de\/wp-content\/uploads\/2026\/04\/WhatsApp-Image-2026-04-22-at-11.14.26-1024x1024.jpeg 1024w, https:\/\/www.gsv-heidelberg.de\/wp-content\/uploads\/2026\/04\/WhatsApp-Image-2026-04-22-at-11.14.26-500x500.jpeg 500w, https:\/\/www.gsv-heidelberg.de\/wp-content\/uploads\/2026\/04\/WhatsApp-Image-2026-04-22-at-11.14.26-150x150.jpeg 150w, https:\/\/www.gsv-heidelberg.de\/wp-content\/uploads\/2026\/04\/WhatsApp-Image-2026-04-22-at-11.14.26-768x768.jpeg 768w, https:\/\/www.gsv-heidelberg.de\/wp-content\/uploads\/2026\/04\/WhatsApp-Image-2026-04-22-at-11.14.26-847x847.jpeg 847w, https:\/\/www.gsv-heidelberg.de\/wp-content\/uploads\/2026\/04\/WhatsApp-Image-2026-04-22-at-11.14.26.jpeg 1182w\" sizes=\"auto, (max-width: 1024px) 100vw, 1024px\" \/><\/a><figcaption class=\"wp-element-caption\">Mittagsb\u00fcffet<\/figcaption><\/figure>\n\n\n\n<figure class=\"wp-block-image size-large\"><a href=\"https:\/\/www.gsv-heidelberg.de\/wp-content\/uploads\/2026\/04\/WhatsApp-Image-2026-04-22-at-11.14.24-1.jpeg\" target=\"_blank\"><img loading=\"lazy\" decoding=\"async\" width=\"1024\" height=\"1024\" data-id=\"9997\" src=\"https:\/\/www.gsv-heidelberg.de\/wp-content\/uploads\/2026\/04\/WhatsApp-Image-2026-04-22-at-11.14.24-1-1024x1024.jpeg\" alt=\"\" class=\"wp-image-9997\" srcset=\"https:\/\/www.gsv-heidelberg.de\/wp-content\/uploads\/2026\/04\/WhatsApp-Image-2026-04-22-at-11.14.24-1-1024x1024.jpeg 1024w, https:\/\/www.gsv-heidelberg.de\/wp-content\/uploads\/2026\/04\/WhatsApp-Image-2026-04-22-at-11.14.24-1-500x500.jpeg 500w, https:\/\/www.gsv-heidelberg.de\/wp-content\/uploads\/2026\/04\/WhatsApp-Image-2026-04-22-at-11.14.24-1-150x150.jpeg 150w, https:\/\/www.gsv-heidelberg.de\/wp-content\/uploads\/2026\/04\/WhatsApp-Image-2026-04-22-at-11.14.24-1-768x768.jpeg 768w, https:\/\/www.gsv-heidelberg.de\/wp-content\/uploads\/2026\/04\/WhatsApp-Image-2026-04-22-at-11.14.24-1-847x847.jpeg 847w, https:\/\/www.gsv-heidelberg.de\/wp-content\/uploads\/2026\/04\/WhatsApp-Image-2026-04-22-at-11.14.24-1.jpeg 1200w\" sizes=\"auto, (max-width: 1024px) 100vw, 1024px\" \/><\/a><figcaption class=\"wp-element-caption\">Bianca Huber<\/figcaption><\/figure>\n\n\n\n<figure class=\"wp-block-image size-large\"><a href=\"https:\/\/www.gsv-heidelberg.de\/wp-content\/uploads\/2026\/04\/WhatsApp-Image-2026-04-22-at-11.14.24.jpeg\" target=\"_blank\"><img loading=\"lazy\" decoding=\"async\" width=\"1024\" height=\"1024\" data-id=\"10000\" src=\"https:\/\/www.gsv-heidelberg.de\/wp-content\/uploads\/2026\/04\/WhatsApp-Image-2026-04-22-at-11.14.24-1024x1024.jpeg\" alt=\"\" class=\"wp-image-10000\" srcset=\"https:\/\/www.gsv-heidelberg.de\/wp-content\/uploads\/2026\/04\/WhatsApp-Image-2026-04-22-at-11.14.24-1024x1024.jpeg 1024w, https:\/\/www.gsv-heidelberg.de\/wp-content\/uploads\/2026\/04\/WhatsApp-Image-2026-04-22-at-11.14.24-500x500.jpeg 500w, https:\/\/www.gsv-heidelberg.de\/wp-content\/uploads\/2026\/04\/WhatsApp-Image-2026-04-22-at-11.14.24-150x150.jpeg 150w, https:\/\/www.gsv-heidelberg.de\/wp-content\/uploads\/2026\/04\/WhatsApp-Image-2026-04-22-at-11.14.24-768x768.jpeg 768w, https:\/\/www.gsv-heidelberg.de\/wp-content\/uploads\/2026\/04\/WhatsApp-Image-2026-04-22-at-11.14.24-847x847.jpeg 847w, https:\/\/www.gsv-heidelberg.de\/wp-content\/uploads\/2026\/04\/WhatsApp-Image-2026-04-22-at-11.14.24.jpeg 1200w\" sizes=\"auto, (max-width: 1024px) 100vw, 1024px\" \/><\/a><figcaption class=\"wp-element-caption\">Kuchen<\/figcaption><\/figure>\n\n\n\n<figure class=\"wp-block-image size-large\"><a href=\"https:\/\/www.gsv-heidelberg.de\/wp-content\/uploads\/2026\/04\/WhatsApp-Image-2026-04-22-at-11.14.25-2.jpeg\" target=\"_blank\"><img loading=\"lazy\" decoding=\"async\" width=\"1024\" height=\"1024\" data-id=\"9992\" src=\"https:\/\/www.gsv-heidelberg.de\/wp-content\/uploads\/2026\/04\/WhatsApp-Image-2026-04-22-at-11.14.25-2-1024x1024.jpeg\" alt=\"\" class=\"wp-image-9992\" srcset=\"https:\/\/www.gsv-heidelberg.de\/wp-content\/uploads\/2026\/04\/WhatsApp-Image-2026-04-22-at-11.14.25-2-1024x1024.jpeg 1024w, https:\/\/www.gsv-heidelberg.de\/wp-content\/uploads\/2026\/04\/WhatsApp-Image-2026-04-22-at-11.14.25-2-500x500.jpeg 500w, https:\/\/www.gsv-heidelberg.de\/wp-content\/uploads\/2026\/04\/WhatsApp-Image-2026-04-22-at-11.14.25-2-150x150.jpeg 150w, https:\/\/www.gsv-heidelberg.de\/wp-content\/uploads\/2026\/04\/WhatsApp-Image-2026-04-22-at-11.14.25-2-768x768.jpeg 768w, https:\/\/www.gsv-heidelberg.de\/wp-content\/uploads\/2026\/04\/WhatsApp-Image-2026-04-22-at-11.14.25-2-847x847.jpeg 847w, https:\/\/www.gsv-heidelberg.de\/wp-content\/uploads\/2026\/04\/WhatsApp-Image-2026-04-22-at-11.14.25-2.jpeg 1029w\" sizes=\"auto, (max-width: 1024px) 100vw, 1024px\" \/><\/a><figcaption class=\"wp-element-caption\">Damien Herboth, Melissa Anders, Benjamin Heymel<\/figcaption><\/figure>\n\n\n\n<figure class=\"wp-block-image size-large\"><a href=\"https:\/\/www.gsv-heidelberg.de\/wp-content\/uploads\/2026\/04\/WhatsApp-Image-2026-04-22-at-11.14.25-1.jpeg\" target=\"_blank\"><img loading=\"lazy\" decoding=\"async\" width=\"1024\" height=\"1024\" data-id=\"9990\" src=\"https:\/\/www.gsv-heidelberg.de\/wp-content\/uploads\/2026\/04\/WhatsApp-Image-2026-04-22-at-11.14.25-1-1024x1024.jpeg\" alt=\"\" class=\"wp-image-9990\" srcset=\"https:\/\/www.gsv-heidelberg.de\/wp-content\/uploads\/2026\/04\/WhatsApp-Image-2026-04-22-at-11.14.25-1-1024x1024.jpeg 1024w, https:\/\/www.gsv-heidelberg.de\/wp-content\/uploads\/2026\/04\/WhatsApp-Image-2026-04-22-at-11.14.25-1-500x500.jpeg 500w, https:\/\/www.gsv-heidelberg.de\/wp-content\/uploads\/2026\/04\/WhatsApp-Image-2026-04-22-at-11.14.25-1-150x150.jpeg 150w, https:\/\/www.gsv-heidelberg.de\/wp-content\/uploads\/2026\/04\/WhatsApp-Image-2026-04-22-at-11.14.25-1-768x768.jpeg 768w, https:\/\/www.gsv-heidelberg.de\/wp-content\/uploads\/2026\/04\/WhatsApp-Image-2026-04-22-at-11.14.25-1-847x847.jpeg 847w, https:\/\/www.gsv-heidelberg.de\/wp-content\/uploads\/2026\/04\/WhatsApp-Image-2026-04-22-at-11.14.25-1.jpeg 1056w\" sizes=\"auto, (max-width: 1024px) 100vw, 1024px\" \/><\/a><figcaption class=\"wp-element-caption\">Benjamin Heymel<\/figcaption><\/figure>\n\n\n\n<figure class=\"wp-block-image size-large\"><a href=\"https:\/\/www.gsv-heidelberg.de\/wp-content\/uploads\/2026\/04\/WhatsApp-Image-2026-04-22-at-11.14.27-2.jpeg\" target=\"_blank\"><img loading=\"lazy\" decoding=\"async\" width=\"900\" height=\"900\" data-id=\"9988\" src=\"https:\/\/www.gsv-heidelberg.de\/wp-content\/uploads\/2026\/04\/WhatsApp-Image-2026-04-22-at-11.14.27-2.jpeg\" alt=\"\" class=\"wp-image-9988\" srcset=\"https:\/\/www.gsv-heidelberg.de\/wp-content\/uploads\/2026\/04\/WhatsApp-Image-2026-04-22-at-11.14.27-2.jpeg 900w, https:\/\/www.gsv-heidelberg.de\/wp-content\/uploads\/2026\/04\/WhatsApp-Image-2026-04-22-at-11.14.27-2-500x500.jpeg 500w, https:\/\/www.gsv-heidelberg.de\/wp-content\/uploads\/2026\/04\/WhatsApp-Image-2026-04-22-at-11.14.27-2-150x150.jpeg 150w, https:\/\/www.gsv-heidelberg.de\/wp-content\/uploads\/2026\/04\/WhatsApp-Image-2026-04-22-at-11.14.27-2-768x768.jpeg 768w, https:\/\/www.gsv-heidelberg.de\/wp-content\/uploads\/2026\/04\/WhatsApp-Image-2026-04-22-at-11.14.27-2-847x847.jpeg 847w\" sizes=\"auto, (max-width: 900px) 100vw, 900px\" \/><\/a><figcaption class=\"wp-element-caption\">Benjamin Heymel, Nicole Weber<\/figcaption><\/figure>\n\n\n\n<figure class=\"wp-block-image size-large\"><a href=\"https:\/\/www.gsv-heidelberg.de\/wp-content\/uploads\/2026\/04\/WhatsApp-Image-2026-04-22-at-11.14.27.jpeg\" target=\"_blank\"><img loading=\"lazy\" decoding=\"async\" width=\"1024\" height=\"1024\" data-id=\"9995\" src=\"https:\/\/www.gsv-heidelberg.de\/wp-content\/uploads\/2026\/04\/WhatsApp-Image-2026-04-22-at-11.14.27-1024x1024.jpeg\" alt=\"\" class=\"wp-image-9995\" srcset=\"https:\/\/www.gsv-heidelberg.de\/wp-content\/uploads\/2026\/04\/WhatsApp-Image-2026-04-22-at-11.14.27-1024x1024.jpeg 1024w, https:\/\/www.gsv-heidelberg.de\/wp-content\/uploads\/2026\/04\/WhatsApp-Image-2026-04-22-at-11.14.27-500x500.jpeg 500w, https:\/\/www.gsv-heidelberg.de\/wp-content\/uploads\/2026\/04\/WhatsApp-Image-2026-04-22-at-11.14.27-150x150.jpeg 150w, https:\/\/www.gsv-heidelberg.de\/wp-content\/uploads\/2026\/04\/WhatsApp-Image-2026-04-22-at-11.14.27-768x768.jpeg 768w, https:\/\/www.gsv-heidelberg.de\/wp-content\/uploads\/2026\/04\/WhatsApp-Image-2026-04-22-at-11.14.27-847x847.jpeg 847w, https:\/\/www.gsv-heidelberg.de\/wp-content\/uploads\/2026\/04\/WhatsApp-Image-2026-04-22-at-11.14.27.jpeg 1086w\" sizes=\"auto, (max-width: 1024px) 100vw, 1024px\" \/><\/a><figcaption class=\"wp-element-caption\">altes Vorstandsteam 2024-2026<\/figcaption><\/figure>\n\n\n\n<figure class=\"wp-block-image size-large\"><a href=\"https:\/\/www.gsv-heidelberg.de\/wp-content\/uploads\/2026\/04\/WhatsApp-Image-2026-04-22-at-11.14.27-1-1.jpeg\" target=\"_blank\"><img loading=\"lazy\" decoding=\"async\" width=\"1024\" height=\"1024\" data-id=\"9993\" src=\"https:\/\/www.gsv-heidelberg.de\/wp-content\/uploads\/2026\/04\/WhatsApp-Image-2026-04-22-at-11.14.27-1-1-1024x1024.jpeg\" alt=\"\" class=\"wp-image-9993\" srcset=\"https:\/\/www.gsv-heidelberg.de\/wp-content\/uploads\/2026\/04\/WhatsApp-Image-2026-04-22-at-11.14.27-1-1-1024x1024.jpeg 1024w, https:\/\/www.gsv-heidelberg.de\/wp-content\/uploads\/2026\/04\/WhatsApp-Image-2026-04-22-at-11.14.27-1-1-500x500.jpeg 500w, https:\/\/www.gsv-heidelberg.de\/wp-content\/uploads\/2026\/04\/WhatsApp-Image-2026-04-22-at-11.14.27-1-1-150x150.jpeg 150w, https:\/\/www.gsv-heidelberg.de\/wp-content\/uploads\/2026\/04\/WhatsApp-Image-2026-04-22-at-11.14.27-1-1-768x768.jpeg 768w, https:\/\/www.gsv-heidelberg.de\/wp-content\/uploads\/2026\/04\/WhatsApp-Image-2026-04-22-at-11.14.27-1-1-847x847.jpeg 847w, https:\/\/www.gsv-heidelberg.de\/wp-content\/uploads\/2026\/04\/WhatsApp-Image-2026-04-22-at-11.14.27-1-1.jpeg 1098w\" sizes=\"auto, (max-width: 1024px) 100vw, 1024px\" \/><\/a><figcaption class=\"wp-element-caption\">neues Vorstandsteam ab 2026<\/figcaption><\/figure>\n\n\n\n<figure class=\"wp-block-image size-large\"><a href=\"https:\/\/www.gsv-heidelberg.de\/wp-content\/uploads\/2026\/04\/WhatsApp-Image-2026-04-22-at-11.14.26-1.jpeg\" target=\"_blank\"><img loading=\"lazy\" decoding=\"async\" width=\"1024\" height=\"1024\" data-id=\"9991\" src=\"https:\/\/www.gsv-heidelberg.de\/wp-content\/uploads\/2026\/04\/WhatsApp-Image-2026-04-22-at-11.14.26-1-1024x1024.jpeg\" alt=\"\" class=\"wp-image-9991\" srcset=\"https:\/\/www.gsv-heidelberg.de\/wp-content\/uploads\/2026\/04\/WhatsApp-Image-2026-04-22-at-11.14.26-1-1024x1024.jpeg 1024w, https:\/\/www.gsv-heidelberg.de\/wp-content\/uploads\/2026\/04\/WhatsApp-Image-2026-04-22-at-11.14.26-1-500x500.jpeg 500w, https:\/\/www.gsv-heidelberg.de\/wp-content\/uploads\/2026\/04\/WhatsApp-Image-2026-04-22-at-11.14.26-1-150x150.jpeg 150w, https:\/\/www.gsv-heidelberg.de\/wp-content\/uploads\/2026\/04\/WhatsApp-Image-2026-04-22-at-11.14.26-1-768x768.jpeg 768w, https:\/\/www.gsv-heidelberg.de\/wp-content\/uploads\/2026\/04\/WhatsApp-Image-2026-04-22-at-11.14.26-1-847x847.jpeg 847w, https:\/\/www.gsv-heidelberg.de\/wp-content\/uploads\/2026\/04\/WhatsApp-Image-2026-04-22-at-11.14.26-1.jpeg 1096w\" sizes=\"auto, (max-width: 1024px) 100vw, 1024px\" \/><\/a><figcaption class=\"wp-element-caption\">Ehrenvorsitzender Willy G\u00f6tten<\/figcaption><\/figure>\n\n\n\n<figure class=\"wp-block-image size-large\"><a href=\"https:\/\/www.gsv-heidelberg.de\/wp-content\/uploads\/2026\/04\/WhatsApp-Image-2026-04-22-at-11.14.26-2.jpeg\" target=\"_blank\"><img loading=\"lazy\" decoding=\"async\" width=\"1024\" height=\"1024\" data-id=\"9989\" src=\"https:\/\/www.gsv-heidelberg.de\/wp-content\/uploads\/2026\/04\/WhatsApp-Image-2026-04-22-at-11.14.26-2-1024x1024.jpeg\" alt=\"\" class=\"wp-image-9989\" srcset=\"https:\/\/www.gsv-heidelberg.de\/wp-content\/uploads\/2026\/04\/WhatsApp-Image-2026-04-22-at-11.14.26-2-1024x1024.jpeg 1024w, https:\/\/www.gsv-heidelberg.de\/wp-content\/uploads\/2026\/04\/WhatsApp-Image-2026-04-22-at-11.14.26-2-500x500.jpeg 500w, https:\/\/www.gsv-heidelberg.de\/wp-content\/uploads\/2026\/04\/WhatsApp-Image-2026-04-22-at-11.14.26-2-150x150.jpeg 150w, https:\/\/www.gsv-heidelberg.de\/wp-content\/uploads\/2026\/04\/WhatsApp-Image-2026-04-22-at-11.14.26-2-768x768.jpeg 768w, https:\/\/www.gsv-heidelberg.de\/wp-content\/uploads\/2026\/04\/WhatsApp-Image-2026-04-22-at-11.14.26-2-847x847.jpeg 847w, https:\/\/www.gsv-heidelberg.de\/wp-content\/uploads\/2026\/04\/WhatsApp-Image-2026-04-22-at-11.14.26-2.jpeg 1037w\" sizes=\"auto, (max-width: 1024px) 100vw, 1024px\" \/><\/a><figcaption class=\"wp-element-caption\">Ehrenmitglied Thomas Kolbenschlag<\/figcaption><\/figure>\n\n\n\n<figure class=\"wp-block-image size-large\"><a href=\"https:\/\/www.gsv-heidelberg.de\/wp-content\/uploads\/2026\/04\/WhatsApp-Image-2026-04-22-at-11.14.26-3.jpeg\" target=\"_blank\"><img loading=\"lazy\" decoding=\"async\" width=\"694\" height=\"694\" data-id=\"9986\" src=\"https:\/\/www.gsv-heidelberg.de\/wp-content\/uploads\/2026\/04\/WhatsApp-Image-2026-04-22-at-11.14.26-3.jpeg\" alt=\"\" class=\"wp-image-9986\" srcset=\"https:\/\/www.gsv-heidelberg.de\/wp-content\/uploads\/2026\/04\/WhatsApp-Image-2026-04-22-at-11.14.26-3.jpeg 694w, https:\/\/www.gsv-heidelberg.de\/wp-content\/uploads\/2026\/04\/WhatsApp-Image-2026-04-22-at-11.14.26-3-500x500.jpeg 500w, https:\/\/www.gsv-heidelberg.de\/wp-content\/uploads\/2026\/04\/WhatsApp-Image-2026-04-22-at-11.14.26-3-150x150.jpeg 150w\" sizes=\"auto, (max-width: 694px) 100vw, 694px\" \/><\/a><figcaption class=\"wp-element-caption\">Ehrenmitglied Thomas Kolbenschlag<\/figcaption><\/figure>\n\n\n\n<figure class=\"wp-block-image size-large\"><a href=\"https:\/\/www.gsv-heidelberg.de\/wp-content\/uploads\/2026\/04\/WhatsApp-Image-2026-04-22-at-11.14.26-5-1.jpeg\" target=\"_blank\"><img loading=\"lazy\" decoding=\"async\" width=\"1024\" height=\"576\" data-id=\"9996\" src=\"https:\/\/www.gsv-heidelberg.de\/wp-content\/uploads\/2026\/04\/WhatsApp-Image-2026-04-22-at-11.14.26-5-1-1024x576.jpeg\" alt=\"\" class=\"wp-image-9996\" srcset=\"https:\/\/www.gsv-heidelberg.de\/wp-content\/uploads\/2026\/04\/WhatsApp-Image-2026-04-22-at-11.14.26-5-1-1024x576.jpeg 1024w, https:\/\/www.gsv-heidelberg.de\/wp-content\/uploads\/2026\/04\/WhatsApp-Image-2026-04-22-at-11.14.26-5-1-500x281.jpeg 500w, https:\/\/www.gsv-heidelberg.de\/wp-content\/uploads\/2026\/04\/WhatsApp-Image-2026-04-22-at-11.14.26-5-1-768x432.jpeg 768w, https:\/\/www.gsv-heidelberg.de\/wp-content\/uploads\/2026\/04\/WhatsApp-Image-2026-04-22-at-11.14.26-5-1-1536x864.jpeg 1536w, https:\/\/www.gsv-heidelberg.de\/wp-content\/uploads\/2026\/04\/WhatsApp-Image-2026-04-22-at-11.14.26-5-1-847x476.jpeg 847w, https:\/\/www.gsv-heidelberg.de\/wp-content\/uploads\/2026\/04\/WhatsApp-Image-2026-04-22-at-11.14.26-5-1.jpeg 1600w\" sizes=\"auto, (max-width: 1024px) 100vw, 1024px\" \/><\/a><figcaption class=\"wp-element-caption\">Mitgliederehrungen<\/figcaption><\/figure>\n<\/figure>\n\n\n\n<hr class=\"wp-block-separator has-alpha-channel-opacity\"\/>\n\n\n\n<h3 class=\"wp-block-heading\"><strong>Ehrungen f\u00fcr Vereinsjubil\u00e4en<\/strong><\/h3>\n\n\n\n<p>Vor Beginn der Hauptversammlung wurden zahlreiche Mitglieder f\u00fcr ihre langj\u00e4hrige Treue geehrt:<\/p>\n\n\n\n<p>10 Jahre:&nbsp; Julian Goller, Waldemar Lange (Junior), Valeh Imanov, Damien Herboth<br>20 Jahre:&nbsp; \u00d6zg\u00fcr Batu<br>30 Jahre: &nbsp;Barbara Ophoff-Kr\u00f6ner<br>35 Jahre:&nbsp; Nicole Weber<br>40 Jahre:&nbsp; Daniela Hillenmeyer<br>45 Jahre:&nbsp; Thomas Kolbenschlag<br>50 Jahre:&nbsp; Klaus Straube, Ludwig Tokarczyk, Klaus Auer<br>60 Jahre: &nbsp;Ernst Zieger, Klaus Weber<\/p>\n\n\n\n<figure class=\"wp-block-image size-large\"><a href=\"https:\/\/www.gsv-heidelberg.de\/wp-content\/uploads\/2026\/04\/WhatsApp-Image-2026-04-22-at-11.14.26-5.jpeg\" target=\"_blank\" rel=\" noreferrer noopener\"><img loading=\"lazy\" decoding=\"async\" width=\"1024\" height=\"576\" src=\"https:\/\/www.gsv-heidelberg.de\/wp-content\/uploads\/2026\/04\/WhatsApp-Image-2026-04-22-at-11.14.26-5-1024x576.jpeg\" alt=\"\" class=\"wp-image-9981\" srcset=\"https:\/\/www.gsv-heidelberg.de\/wp-content\/uploads\/2026\/04\/WhatsApp-Image-2026-04-22-at-11.14.26-5-1024x576.jpeg 1024w, https:\/\/www.gsv-heidelberg.de\/wp-content\/uploads\/2026\/04\/WhatsApp-Image-2026-04-22-at-11.14.26-5-500x281.jpeg 500w, https:\/\/www.gsv-heidelberg.de\/wp-content\/uploads\/2026\/04\/WhatsApp-Image-2026-04-22-at-11.14.26-5-768x432.jpeg 768w, https:\/\/www.gsv-heidelberg.de\/wp-content\/uploads\/2026\/04\/WhatsApp-Image-2026-04-22-at-11.14.26-5-1536x864.jpeg 1536w, https:\/\/www.gsv-heidelberg.de\/wp-content\/uploads\/2026\/04\/WhatsApp-Image-2026-04-22-at-11.14.26-5-847x476.jpeg 847w, https:\/\/www.gsv-heidelberg.de\/wp-content\/uploads\/2026\/04\/WhatsApp-Image-2026-04-22-at-11.14.26-5.jpeg 1600w\" sizes=\"auto, (max-width: 1024px) 100vw, 1024px\" \/><\/a><figcaption class=\"wp-element-caption\">oben: Valeh Imanov, Daniela Hillenmeyer, Barbara Ophoff-Kr\u00f6ner, Thomas Kolbenschlag, Julian Goller, Waldemar Lange, Damien Herboth, Nicole Weber, \u00d6zg\u00fcr Batu<br>unten: Ernst Ziegler, Klaus Weber, Klaus Auer, Ludwig Tokarczyk, Klaus Straube<\/figcaption><\/figure>\n\n\n\n<hr class=\"wp-block-separator has-alpha-channel-opacity\"\/>\n\n\n\n<h3 class=\"wp-block-heading\"><strong>Besondere Ehrungen<\/strong><\/h3>\n\n\n\n<h4 class=\"wp-block-heading\"><strong>Ehrenvorsitzender Willy G\u00f6tten (posthum)<\/strong><\/h4>\n\n\n\n<div class=\"wp-block-media-text is-stacked-on-mobile\" style=\"grid-template-columns:25% auto\"><figure class=\"wp-block-media-text__media\"><img loading=\"lazy\" decoding=\"async\" width=\"723\" height=\"1024\" src=\"https:\/\/www.gsv-heidelberg.de\/wp-content\/uploads\/2025\/09\/5c25b31e-2ab5-4103-8a03-36165f9e9f33-723x1024.jpg\" alt=\"\" class=\"wp-image-9559 size-full\" srcset=\"https:\/\/www.gsv-heidelberg.de\/wp-content\/uploads\/2025\/09\/5c25b31e-2ab5-4103-8a03-36165f9e9f33-723x1024.jpg 723w, https:\/\/www.gsv-heidelberg.de\/wp-content\/uploads\/2025\/09\/5c25b31e-2ab5-4103-8a03-36165f9e9f33-353x500.jpg 353w, https:\/\/www.gsv-heidelberg.de\/wp-content\/uploads\/2025\/09\/5c25b31e-2ab5-4103-8a03-36165f9e9f33-768x1088.jpg 768w, https:\/\/www.gsv-heidelberg.de\/wp-content\/uploads\/2025\/09\/5c25b31e-2ab5-4103-8a03-36165f9e9f33-1084x1536.jpg 1084w, https:\/\/www.gsv-heidelberg.de\/wp-content\/uploads\/2025\/09\/5c25b31e-2ab5-4103-8a03-36165f9e9f33-847x1200.jpg 847w, https:\/\/www.gsv-heidelberg.de\/wp-content\/uploads\/2025\/09\/5c25b31e-2ab5-4103-8a03-36165f9e9f33.jpg 1445w\" sizes=\"auto, (max-width: 723px) 100vw, 723px\" \/><\/figure><div class=\"wp-block-media-text__content\">\n<p>Der GSV Heidelberg ehrt mit gro\u00dfer Dankbarkeit eine herausragende Pers\u00f6nlichkeit seiner Vereinsgeschichte: <strong>Willy G\u00f6tten<\/strong>, Gr\u00fcndungsmitglied und jahrzehntelanger Vereinsvorstand, wurde <strong>posthum zum Ehrenvorsitzenden<\/strong> ernannt.<\/p>\n<\/div><\/div>\n\n\n\n<p>Willy G\u00f6tten hat den Verein nicht nur mitbegr\u00fcndet, sondern ihn \u00fcber mehr als 20 Jahre ma\u00dfgeblich gepr\u00e4gt \u2013 die meiste Zeit davon als 1. oder 2. Vorsitzender. Sein Engagement, seine Weitsicht und seine tiefe Verbundenheit zum Verein haben bleibende Spuren hinterlassen. Er lebte das Ehrenamt mit Herz, Bescheidenheit und gro\u00dfer Hingabe.<\/p>\n\n\n\n<p>Mit dieser Auszeichnung wird er in den Kreis der Ehrenvorsitzenden aufgenommen \u2013 <strong>neben Emil Effenberger<\/strong>, der dieses Amt bereits seit vielen Jahren innehat.<\/p>\n\n\n\n<h4 class=\"wp-block-heading\"><strong>Ehrenmitglied Thomas Kolbenschlag<\/strong><\/h4>\n\n\n\n<div class=\"wp-block-media-text is-stacked-on-mobile\" style=\"grid-template-columns:31% auto\"><figure class=\"wp-block-media-text__media\"><img loading=\"lazy\" decoding=\"async\" width=\"212\" height=\"212\" src=\"https:\/\/www.gsv-heidelberg.de\/wp-content\/uploads\/2026\/04\/Thomas-Kolbenschlag-edited.jpg\" alt=\"\" class=\"wp-image-9966 size-full\" srcset=\"https:\/\/www.gsv-heidelberg.de\/wp-content\/uploads\/2026\/04\/Thomas-Kolbenschlag-edited.jpg 212w, https:\/\/www.gsv-heidelberg.de\/wp-content\/uploads\/2026\/04\/Thomas-Kolbenschlag-edited-150x150.jpg 150w\" sizes=\"auto, (max-width: 212px) 100vw, 212px\" \/><\/figure><div class=\"wp-block-media-text__content\">\n<p>Ebenfalls mit gro\u00dfer Dankbarkeit wurde <strong>Thomas Kolbenschlag<\/strong> zum <strong>Ehrenmitglied<\/strong> ernannt.<\/p>\n\n\n\n<p>\u00dcber mehr als vier Jahrzehnte hat er den GSV Heidelberg gepr\u00e4gt: 20 Jahre als Fu\u00dfballspieler, weitere 20 Jahre in der Vorstandschaft \u2013 als 1. Vorsitzender, 2. Vorsitzender, 1. Kassierer und 2. Kassierer. Sein Einsatz, seine Zuverl\u00e4ssigkeit und seine tiefe Verbundenheit zum Verein sind au\u00dfergew\u00f6hnlich.<\/p>\n<\/div><\/div>\n\n\n\n<p>Als Fu\u00dfballspieler pendelte er zwei Jahrzehnte lang von Mosbach\/Adelsheim nach Heidelberg oder zu Ausw\u00e4rtsspielen \u2013 unz\u00e4hlige Kilometer, stets im Dienst des Vereins. Mit der Jugend wurde er einmal Deutscher Meister, ebenso einmal mit der ersten Mannschaft. Mehrfach wurde er Baden\u2011W\u00fcrttembergischer Meister. Auch als National- und Auswahlspieler hat er den GSV Heidelberg w\u00fcrdig vertreten.<\/p>\n\n\n\n<p>Mit dieser Auszeichnung wird er in den Kreis der Ehrenmitglieder aufgenommen \u2013 neben: Heinold Cordes (Gr\u00fcndungsmitglied), Gunter Merklinger (Gr\u00fcndungsmitglied), Hans\u2011Georg Mutschler (Gr\u00fcndungsmitglied), Hans\u2011Georg M\u00fcller (Gr\u00fcndungsmitglied), Gerhard Kempf, Hans\u2011Peter Lauer, Hans Rausch und Elmar Neckermann.<\/p>\n\n\n\n<h4 class=\"wp-block-heading\"><strong>Abschlie\u00dfende Worte<\/strong><\/h4>\n\n\n\n<p>Das Lebenswerk von <strong>Willy G\u00f6tten<\/strong> und <strong>Thomas Kolbenschlag<\/strong> wird im GSV Heidelberg weiterleben \u2013 als Fundament, als Vorbild und als Inspiration f\u00fcr kommende Generationen.<\/p>\n\n\n\n<p>Der GSV Heidelberg verneigt sich in tiefer Dankbarkeit.<\/p>\n","protected":false},"excerpt":{"rendered":"<p>Am 19. April 2026 fand die Hauptversammlung des GSV Heidelberg mit Neuwahlen statt. Der bisherige 1. Vorsitzende Benjamin Heymel hat nach vier Jahren Vorstandsarbeit und insgesamt 20 Jahren ehrenamtlichem Engagement \u2013 unter anderem als Fu\u00dfballleiter, Fu\u00dfballkassierer, Verantwortlicher f\u00fcr Homepage und Social Media sowie f\u00fcr die digitale Passverwaltung \u2013 seinen R\u00fccktritt erkl\u00e4rt. Auch der bisherige 2. &hellip; <\/p>\n<p><a class=\"more-link btn\" href=\"https:\/\/www.gsv-heidelberg.de\/?p=9972\">Weiterlesen<\/a><\/p>\n","protected":false},"author":1,"featured_media":9993,"comment_status":"open","ping_status":"open","sticky":false,"template":"","format":"standard","meta":{"footnotes":""},"categories":[1],"tags":[],"class_list":["post-9972","post","type-post","status-publish","format-standard","has-post-thumbnail","hentry","category-allgemein","item-wrap"],"_links":{"self":[{"href":"https:\/\/www.gsv-heidelberg.de\/index.php?rest_route=\/wp\/v2\/posts\/9972","targetHints":{"allow":["GET"]}}],"collection":[{"href":"https:\/\/www.gsv-heidelberg.de\/index.php?rest_route=\/wp\/v2\/posts"}],"about":[{"href":"https:\/\/www.gsv-heidelberg.de\/index.php?rest_route=\/wp\/v2\/types\/post"}],"author":[{"embeddable":true,"href":"https:\/\/www.gsv-heidelberg.de\/index.php?rest_route=\/wp\/v2\/users\/1"}],"replies":[{"embeddable":true,"href":"https:\/\/www.gsv-heidelberg.de\/index.php?rest_route=%2Fwp%2Fv2%2Fcomments&post=9972"}],"version-history":[{"count":7,"href":"https:\/\/www.gsv-heidelberg.de\/index.php?rest_route=\/wp\/v2\/posts\/9972\/revisions"}],"predecessor-version":[{"id":10006,"href":"https:\/\/www.gsv-heidelberg.de\/index.php?rest_route=\/wp\/v2\/posts\/9972\/revisions\/10006"}],"wp:featuredmedia":[{"embeddable":true,"href":"https:\/\/www.gsv-heidelberg.de\/index.php?rest_route=\/wp\/v2\/media\/9993"}],"wp:attachment":[{"href":"https:\/\/www.gsv-heidelberg.de\/index.php?rest_route=%2Fwp%2Fv2%2Fmedia&parent=9972"}],"wp:term":[{"taxonomy":"category","embeddable":true,"href":"https:\/\/www.gsv-heidelberg.de\/index.php?rest_route=%2Fwp%2Fv2%2Fcategories&post=9972"},{"taxonomy":"post_tag","embeddable":true,"href":"https:\/\/www.gsv-heidelberg.de\/index.php?rest_route=%2Fwp%2Fv2%2Ftags&post=9972"}],"curies":[{"name":"wp","href":"https:\/\/api.w.org\/{rel}","templated":true}]}}